[{"@context":"https:\/\/schema.org\/","@type":"Article","@id":"https:\/\/www.czis.cz\/jak-spravne-zehlit-vlasy\/#Article","mainEntityOfPage":"https:\/\/www.czis.cz\/jak-spravne-zehlit-vlasy\/","headline":"Jak spr\u00e1vn\u011b \u017eehlit vlasy","name":"Jak spr\u00e1vn\u011b \u017eehlit vlasy","description":"\u00daprava zevn\u011bj\u0161ku je pro \u017eeny d\u016fle\u017eit\u00e1. Vlasy jsou toho d\u016fle\u017eitou sou\u010d\u00e1st\u00ed. Ka\u017ed\u00e1 \u017eena tou\u017e\u00ed po tom, co zrovna nem\u00e1 \u2013 ta s\u00a0rovn\u00fdmi vlasy tou\u017e\u00ed po kudrn\u00e1ch a \u017eena s\u00a0loknami zase po rovn\u00fdch a uhlazen\u00fdch vlasech. Dne\u0161n\u00ed modern\u00ed doba u\u017e dok\u00e1\u017ee vyhov\u011bt ob\u011bma. \u017dena s\u00a0rovn\u00fdmi vlasy si je jednodu\u0161e nat\u00e1\u010dkami \u010di kulmou nato\u010d\u00ed, ta s\u00a0vlnit\u00fdmi zase [&hellip;]","datePublished":"2019-08-03","dateModified":"2023-05-15","author":{"@type":"Person","@id":"https:\/\/www.czis.cz\/author\/devene\/#Person","name":"devene","url":"https:\/\/www.czis.cz\/author\/devene\/","identifier":1,"image":{"@type":"ImageObject","@id":"https:\/\/secure.gravatar.com\/avatar\/4c8347e48acde4b8838164e4b1c9b1c2409c44aff1922a8b9d7dd631b9ae52bb?s=96&d=mm&r=g","url":"https:\/\/secure.gravatar.com\/avatar\/4c8347e48acde4b8838164e4b1c9b1c2409c44aff1922a8b9d7dd631b9ae52bb?s=96&d=mm&r=g","height":96,"width":96}},"publisher":{"@type":"Organization","name":"czis.cz","logo":{"@type":"ImageObject","@id":"\/logo.png","url":"\/logo.png","width":600,"height":60}},"image":{"@type":"ImageObject","@id":"https:\/\/www.czis.cz\/wp-content\/uploads\/img_a353843_w3063_t1568456038.jpg","url":"https:\/\/www.czis.cz\/wp-content\/uploads\/img_a353843_w3063_t1568456038.jpg","height":0,"width":0},"url":"https:\/\/www.czis.cz\/jak-spravne-zehlit-vlasy\/","about":["Elektro"],"wordCount":451,"articleBody":"\u00daprava zevn\u011bj\u0161ku je pro \u017eeny d\u016fle\u017eit\u00e1. Vlasy jsou toho d\u016fle\u017eitou sou\u010d\u00e1st\u00ed. Ka\u017ed\u00e1 \u017eena tou\u017e\u00ed po tom, co zrovna nem\u00e1 \u2013 ta s\u00a0rovn\u00fdmi vlasy tou\u017e\u00ed po kudrn\u00e1ch a \u017eena s\u00a0loknami zase po rovn\u00fdch a uhlazen\u00fdch vlasech. Dne\u0161n\u00ed modern\u00ed doba u\u017e dok\u00e1\u017ee vyhov\u011bt ob\u011bma. \u017dena s\u00a0rovn\u00fdmi vlasy si je jednodu\u0161e nat\u00e1\u010dkami \u010di kulmou nato\u010d\u00ed, ta s\u00a0vlnit\u00fdmi zase pomoc\u00ed \u017eehli\u010dky na vlasy narovn\u00e1. P\u0159i \u017eehlen\u00ed vlas\u016f ale doch\u00e1z\u00ed k\u00a0jejich po\u0161kozen\u00ed. Jak toto po\u0161kozen\u00ed co nejv\u00edce minimalizovat?Prvn\u00ed a v\u016fbec nejd\u016fle\u017eit\u011bj\u0161\u00ed z\u00e1sadou je to, \u017ee vlasy p\u0159ed \u017eehlen\u00edm mus\u00ed b\u00fdt perfektn\u011b such\u00e9. Nikdy se nesm\u00ed mokr\u00e9 ani vlhk\u00e9 vlasy \u017eehli\u010dkou su\u0161it, proto\u017ee m\u016f\u017ee doj\u00edt k\u00a0jejich sp\u00e1len\u00ed.Vhodn\u00e9 je vlasy p\u0159ed za\u010d\u00e1tkem procesu roz\u010desat. To proto, \u017ee teplo by mohlo vlasy pol\u00e1mat v\u00a0uzl\u00edk\u00e1ch. Pro snadn\u011bj\u0161\u00ed \u00fapravu vlas\u016f je vhodn\u00e9 vlasy rozd\u011blit na 3 \u010d\u00e1sti: po stran\u00e1ch hlavy a v\u00a0jej\u00ed zadn\u00ed \u010d\u00e1sti.Na vlasy je mo\u017en\u00e9 pou\u017e\u00edt ochrann\u00fd prost\u0159edek ur\u010den\u00fd pro tento \u00fa\u010del. Tyto p\u0159\u00edpravky nejen, \u017ee ochr\u00e1n\u00ed vlasy p\u0159ed teplem, ale tak\u00e9 je vy\u017eiv\u00ed nebo dokonce zafixuje. P\u0159\u00edpravky se v\u00fdhradn\u011b pou\u017e\u00edvaj\u00ed a\u017e po vy\u017eehlen\u00ed vlas\u016f, nikdy ne p\u0159ed, mohly by se do vlas\u016f toti\u017e zap\u00e9ct a pak by se \u0161patn\u011b vy\u010des\u00e1valy. To se krom\u011b t\u011bchto ochrann\u00fdch prost\u0159edk\u016f t\u00fdk\u00e1 tak\u00e9 tu\u017eidel, lak\u016f i gel\u016f.Ka\u017ed\u00fd typ vlas\u016f vy\u017eaduje jinou teplotu, p\u0159i kter\u00e9 bude dosa\u017eeno efektivn\u00edho a rychl\u00e9ho vyrovn\u00e1n\u00ed. Plat\u00ed, \u017ee \u010d\u00edm vy\u0161\u0161\u00ed bude teplota, t\u00edm v\u011bt\u0161\u00ed z\u00e1t\u011b\u017e pro vlasy to znamen\u00e1. Proto je pot\u0159eba p\u0159\u00edstroj nastavit na takovou teplotu, kter\u00e1 vlas\u016fm neubl\u00ed\u017e\u00ed. Obecn\u011b plat\u00ed, \u017ee na jemn\u00e9 vlasy se nastav\u00ed teplota 100-160 \u00b0C, na norm\u00e1ln\u00ed vlasy 160-190 \u00b0C a na siln\u00e9 a hust\u00e9 vlasy teplota vy\u0161\u0161\u00ed 190 \u00b0C. Ov\u0161em je t\u0159eba m\u00edt na pam\u011bti, \u017ee teploty nad 200 \u00b0C si mohou dovolit pouze lid\u00e9, jejich\u017e vlasy jsou nepoddajn\u00e9, nebarven\u00e9 a siln\u00e9.\u017dehlen\u00ed vlas\u016f prob\u00edh\u00e1 po jednotliv\u00fdch rozd\u011blen\u00fdch \u010d\u00e1stech po tenk\u00fdch pramenech. To toti\u017e zabr\u00e1n\u00ed opakovan\u00e9mu vystaven\u00ed teplu a tud\u00ed\u017e v\u011bt\u0161\u00edmu po\u0161kozen\u00ed. Pram\u00ednek se \u017eehl\u00ed od hlavy a\u017e po kone\u010dky, p\u0159i\u010dem\u017e tento proces by se nem\u011bl opakovat ka\u017ed\u00fd den, na kvalit\u011b vlas\u016f by to po kr\u00e1tk\u00e9 dob\u011b bylo zn\u00e1t. Vlasy si pot\u0159ebuj\u00ed \u010das od \u010dasu odpo\u010dinout.                                                                                                                                                                                                                                                                                                                                                                                                "},{"@context":"https:\/\/schema.org\/","@type":"BreadcrumbList","itemListElement":[{"@type":"ListItem","position":1,"name":"Jak spr\u00e1vn\u011b \u017eehlit vlasy","item":"https:\/\/www.czis.cz\/jak-spravne-zehlit-vlasy\/#breadcrumbitem"}]}]