[{"@context":"https:\/\/schema.org\/","@type":"Article","@id":"https:\/\/www.czis.cz\/kdyz-sverenecky-fond-tak-od-profesionala\/#Article","mainEntityOfPage":"https:\/\/www.czis.cz\/kdyz-sverenecky-fond-tak-od-profesionala\/","headline":"Kdy\u017e sv\u011b\u0159eneck\u00fd fond, tak od profesion\u00e1la","name":"Kdy\u017e sv\u011b\u0159eneck\u00fd fond, tak od profesion\u00e1la","description":"Pokud jste se rozhodnuli, \u017ee nech\u00e1te ud\u011blat sv\u011b\u0159eneck\u00fd fond na v\u00e1\u0161 majetek a chcete se obr\u00e1tit na profesion\u00e1ln\u00edho dodavatele, nev\u00e1hejte a p\u0159ipojte se k na\u0161im z\u00e1kazn\u00edk\u016fm. Na\u0161e spole\u010dnost se jmenuje Companies and Offices a m\u016f\u017eete si b\u00fdt jist\u00ed t\u00edm, \u017ee dostanete v\u017edy a jen to nejlep\u0161\u00ed. D\u00edky tomu, \u017ee se v tomto oboru pohybujeme dlouhou [&hellip;]","datePublished":"2025-08-30","dateModified":"2025-08-30","author":{"@type":"Person","@id":"https:\/\/www.czis.cz\/author\/devene\/#Person","name":"devene","url":"https:\/\/www.czis.cz\/author\/devene\/","identifier":1,"image":{"@type":"ImageObject","@id":"https:\/\/secure.gravatar.com\/avatar\/4c8347e48acde4b8838164e4b1c9b1c2409c44aff1922a8b9d7dd631b9ae52bb?s=96&d=mm&r=g","url":"https:\/\/secure.gravatar.com\/avatar\/4c8347e48acde4b8838164e4b1c9b1c2409c44aff1922a8b9d7dd631b9ae52bb?s=96&d=mm&r=g","height":96,"width":96}},"publisher":{"@type":"Organization","name":"czis.cz","logo":{"@type":"ImageObject","@id":"\/logo.png","url":"\/logo.png","width":600,"height":60}},"url":"https:\/\/www.czis.cz\/kdyz-sverenecky-fond-tak-od-profesionala\/","wordCount":180,"articleBody":"Pokud jste se rozhodnuli, \u017ee nech\u00e1te ud\u011blat sv\u011b\u0159eneck\u00fd fond na v\u00e1\u0161 majetek a chcete se obr\u00e1tit na profesion\u00e1ln\u00edho dodavatele, nev\u00e1hejte a p\u0159ipojte se k na\u0161im z\u00e1kazn\u00edk\u016fm. Na\u0161e spole\u010dnost se jmenuje Companies and Offices a m\u016f\u017eete si b\u00fdt jist\u00ed t\u00edm, \u017ee dostanete v\u017edy a jen to nejlep\u0161\u00ed. D\u00edky tomu, \u017ee se v tomto oboru pohybujeme dlouhou dobu, se nemus\u00edte b\u00e1t, \u017ee v\u00e1m ned\u00e1me to nejlep\u0161\u00ed a \u017ee s n\u00e1mi budete jakkoli nespokojen\u00ed. P\u0159ij\u010fte se o tom p\u0159esv\u011bd\u010dit. M\u00e1me mnoho spokojen\u00fdch z\u00e1kazn\u00edk\u016f Dal\u0161\u00ed v\u00fdhodou toho, \u017ee se na n\u00e1s obr\u00e1t\u00edte je i to, \u017ee m\u00e1me mnoho spokojen\u00fdch z\u00e1kazn\u00edk\u016f. D\u00edky tomu si m\u016f\u017eete ov\u011b\u0159it, \u017ee jak\u00e1koli slu\u017eba pr\u00e1v\u011b od n\u00e1s je skv\u011blou volbou a \u017ee v\u00e1m bude v\u017edy a ve v\u0161em vyhovovat. Nev\u00e1hejte a jednodu\u0161e si toto ov\u011b\u0159te.                                                                                                                                                                                                                                                                                                                                                                                                "},{"@context":"https:\/\/schema.org\/","@type":"BreadcrumbList","itemListElement":[{"@type":"ListItem","position":1,"name":"Kdy\u017e sv\u011b\u0159eneck\u00fd fond, tak od profesion\u00e1la","item":"https:\/\/www.czis.cz\/kdyz-sverenecky-fond-tak-od-profesionala\/#breadcrumbitem"}]}]