[{"@context":"https:\/\/schema.org\/","@type":"Blog","@id":"https:\/\/www.czis.cz#Blog","headline":"Czis","description":"\nPot\u0159ebujete reklamu, na kterou zav\u00edt\u00e1 mnoho lid\u00ed, a to pr\u00e1v\u011b t\u011bch, kte\u0159\u00ed hledaj\u00ed to, co nab\u00edz\u00edte? Nav\u0161tivte n\u00e1s a spolu ur\u010dit\u011b najdeme ide\u00e1ln\u00ed \u0159e\u0161en\u00ed.","url":"https:\/\/www.czis.cz","hasPart":[{"@type":"Article","@id":"https:\/\/www.czis.cz\/k-cemu-je-dobry-omezovac-rychlosti-v-aute\/","headline":"K \u010demu je dobr\u00fd omezova\u010d rychlosti v aut\u011b","url":"https:\/\/www.czis.cz\/k-cemu-je-dobry-omezovac-rychlosti-v-aute\/","datePublished":"2025-07-01","dateModified":"2025-07-01","mainEntityOfPage":"https:\/\/www.czis.cz\/k-cemu-je-dobry-omezovac-rychlosti-v-aute\/","author":{"@type":"Person","@id":"https:\/\/www.czis.cz\/author\/devene\/#Person","name":"devene","url":"https:\/\/www.czis.cz\/author\/devene\/","identifier":1,"image":{"@type":"ImageObject","@id":"https:\/\/secure.gravatar.com\/avatar\/4c8347e48acde4b8838164e4b1c9b1c2409c44aff1922a8b9d7dd631b9ae52bb?s=96&d=mm&r=g","url":"https:\/\/secure.gravatar.com\/avatar\/4c8347e48acde4b8838164e4b1c9b1c2409c44aff1922a8b9d7dd631b9ae52bb?s=96&d=mm&r=g","height":96,"width":96}},"publisher":{"@type":"Organization","name":"czis.cz","logo":{"@type":"ImageObject","@id":"\/logo.png","url":"\/logo.png","width":600,"height":60}},"image":{"@type":"ImageObject","@id":"https:\/\/www.czis.cz\/wp-content\/uploads\/auto16_10_10_10_2.png","url":"https:\/\/www.czis.cz\/wp-content\/uploads\/auto16_10_10_10_2.png","height":0,"width":0},"wordCount":608,"keywords":null},{"@type":"Article","@id":"https:\/\/www.czis.cz\/proc-si-lide-oblibili-kavu-kavu\/","headline":"Pro\u010d si lid\u00e9 obl\u00edbili Kavu Kavu?","url":"https:\/\/www.czis.cz\/proc-si-lide-oblibili-kavu-kavu\/","datePublished":"2025-06-17","dateModified":"2025-06-17","mainEntityOfPage":"https:\/\/www.czis.cz\/proc-si-lide-oblibili-kavu-kavu\/","author":{"@type":"Person","@id":"https:\/\/www.czis.cz\/author\/devene\/#Person","name":"devene","url":"https:\/\/www.czis.cz\/author\/devene\/","identifier":1,"image":{"@type":"ImageObject","@id":"https:\/\/secure.gravatar.com\/avatar\/4c8347e48acde4b8838164e4b1c9b1c2409c44aff1922a8b9d7dd631b9ae52bb?s=96&d=mm&r=g","url":"https:\/\/secure.gravatar.com\/avatar\/4c8347e48acde4b8838164e4b1c9b1c2409c44aff1922a8b9d7dd631b9ae52bb?s=96&d=mm&r=g","height":96,"width":96}},"publisher":{"@type":"Organization","name":"czis.cz","logo":{"@type":"ImageObject","@id":"\/logo.png","url":"\/logo.png","width":600,"height":60}},"image":{"@type":"ImageObject","@id":"https:\/\/www.czis.cz\/wp-content\/uploads\/kkkkkkkkkkkkkkkkkkkk.jpg","url":"https:\/\/www.czis.cz\/wp-content\/uploads\/kkkkkkkkkkkkkkkkkkkk.jpg","height":0,"width":0},"wordCount":623,"keywords":null},{"@type":"Article","@id":"https:\/\/www.czis.cz\/detska-vybava-na-zimu\/","headline":"D\u011btsk\u00e1 v\u00fdbava na zimu","url":"https:\/\/www.czis.cz\/detska-vybava-na-zimu\/","datePublished":"2025-06-01","dateModified":"2025-06-01","mainEntityOfPage":"https:\/\/www.czis.cz\/detska-vybava-na-zimu\/","author":{"@type":"Person","@id":"https:\/\/www.czis.cz\/author\/devene\/#Person","name":"devene","url":"https:\/\/www.czis.cz\/author\/devene\/","identifier":1,"image":{"@type":"ImageObject","@id":"https:\/\/secure.gravatar.com\/avatar\/4c8347e48acde4b8838164e4b1c9b1c2409c44aff1922a8b9d7dd631b9ae52bb?s=96&d=mm&r=g","url":"https:\/\/secure.gravatar.com\/avatar\/4c8347e48acde4b8838164e4b1c9b1c2409c44aff1922a8b9d7dd631b9ae52bb?s=96&d=mm&r=g","height":96,"width":96}},"publisher":{"@type":"Organization","name":"czis.cz","logo":{"@type":"ImageObject","@id":"\/logo.png","url":"\/logo.png","width":600,"height":60}},"image":{"@type":"ImageObject","@id":"https:\/\/www.czis.cz\/wp-content\/uploads\/pexels-kovyrina-1849335.jpg","url":"https:\/\/www.czis.cz\/wp-content\/uploads\/pexels-kovyrina-1849335.jpg","height":0,"width":0},"wordCount":563,"keywords":null},{"@type":"Article","@id":"https:\/\/www.czis.cz\/vite-jak-to-chodi\/","headline":"V\u00edte, jak to chod\u00ed","url":"https:\/\/www.czis.cz\/vite-jak-to-chodi\/","datePublished":"2025-04-19","dateModified":"2025-04-19","mainEntityOfPage":"https:\/\/www.czis.cz\/vite-jak-to-chodi\/","author":{"@type":"Person","@id":"https:\/\/www.czis.cz\/author\/devene\/#Person","name":"devene","url":"https:\/\/www.czis.cz\/author\/devene\/","identifier":1,"image":{"@type":"ImageObject","@id":"https:\/\/secure.gravatar.com\/avatar\/4c8347e48acde4b8838164e4b1c9b1c2409c44aff1922a8b9d7dd631b9ae52bb?s=96&d=mm&r=g","url":"https:\/\/secure.gravatar.com\/avatar\/4c8347e48acde4b8838164e4b1c9b1c2409c44aff1922a8b9d7dd631b9ae52bb?s=96&d=mm&r=g","height":96,"width":96}},"publisher":{"@type":"Organization","name":"czis.cz","logo":{"@type":"ImageObject","@id":"\/logo.png","url":"\/logo.png","width":600,"height":60}},"image":null,"wordCount":274,"keywords":null},{"@type":"Article","@id":"https:\/\/www.czis.cz\/vychytavka-pro-vas-bazen\/","headline":"Vychyt\u00e1vka pro v\u00e1\u0161 baz\u00e9n","url":"https:\/\/www.czis.cz\/vychytavka-pro-vas-bazen\/","datePublished":"2025-04-16","dateModified":"2025-04-16","mainEntityOfPage":"https:\/\/www.czis.cz\/vychytavka-pro-vas-bazen\/","author":{"@type":"Person","@id":"https:\/\/www.czis.cz\/author\/devene\/#Person","name":"devene","url":"https:\/\/www.czis.cz\/author\/devene\/","identifier":1,"image":{"@type":"ImageObject","@id":"https:\/\/secure.gravatar.com\/avatar\/4c8347e48acde4b8838164e4b1c9b1c2409c44aff1922a8b9d7dd631b9ae52bb?s=96&d=mm&r=g","url":"https:\/\/secure.gravatar.com\/avatar\/4c8347e48acde4b8838164e4b1c9b1c2409c44aff1922a8b9d7dd631b9ae52bb?s=96&d=mm&r=g","height":96,"width":96}},"publisher":{"@type":"Organization","name":"czis.cz","logo":{"@type":"ImageObject","@id":"\/logo.png","url":"\/logo.png","width":600,"height":60}},"image":{"@type":"ImageObject","@id":"https:\/\/www.czis.cz\/wp-content\/uploads\/man-462874_640_4.jpg","url":"https:\/\/www.czis.cz\/wp-content\/uploads\/man-462874_640_4.jpg","height":0,"width":0},"wordCount":594,"keywords":null},{"@type":"Article","@id":"https:\/\/www.czis.cz\/budovani-znacky-je-stale-in\/","headline":"Budov\u00e1n\u00ed zna\u010dky je st\u00e1le IN!","url":"https:\/\/www.czis.cz\/budovani-znacky-je-stale-in\/","datePublished":"2025-04-13","dateModified":"2025-04-13","mainEntityOfPage":"https:\/\/www.czis.cz\/budovani-znacky-je-stale-in\/","author":{"@type":"Person","@id":"https:\/\/www.czis.cz\/author\/devene\/#Person","name":"devene","url":"https:\/\/www.czis.cz\/author\/devene\/","identifier":1,"image":{"@type":"ImageObject","@id":"https:\/\/secure.gravatar.com\/avatar\/4c8347e48acde4b8838164e4b1c9b1c2409c44aff1922a8b9d7dd631b9ae52bb?s=96&d=mm&r=g","url":"https:\/\/secure.gravatar.com\/avatar\/4c8347e48acde4b8838164e4b1c9b1c2409c44aff1922a8b9d7dd631b9ae52bb?s=96&d=mm&r=g","height":96,"width":96}},"publisher":{"@type":"Organization","name":"czis.cz","logo":{"@type":"ImageObject","@id":"\/logo.png","url":"\/logo.png","width":600,"height":60}},"image":null,"wordCount":228,"keywords":null},{"@type":"Article","@id":"https:\/\/www.czis.cz\/machovo-jezero\/","headline":"M\u00e1chovo jezero","url":"https:\/\/www.czis.cz\/machovo-jezero\/","datePublished":"2025-04-08","dateModified":"2025-04-08","mainEntityOfPage":"https:\/\/www.czis.cz\/machovo-jezero\/","author":{"@type":"Person","@id":"https:\/\/www.czis.cz\/author\/devene\/#Person","name":"devene","url":"https:\/\/www.czis.cz\/author\/devene\/","identifier":1,"image":{"@type":"ImageObject","@id":"https:\/\/secure.gravatar.com\/avatar\/4c8347e48acde4b8838164e4b1c9b1c2409c44aff1922a8b9d7dd631b9ae52bb?s=96&d=mm&r=g","url":"https:\/\/secure.gravatar.com\/avatar\/4c8347e48acde4b8838164e4b1c9b1c2409c44aff1922a8b9d7dd631b9ae52bb?s=96&d=mm&r=g","height":96,"width":96}},"publisher":{"@type":"Organization","name":"czis.cz","logo":{"@type":"ImageObject","@id":"\/logo.png","url":"\/logo.png","width":600,"height":60}},"image":null,"wordCount":239,"keywords":null},{"@type":"Article","@id":"https:\/\/www.czis.cz\/dovolena-snu-v-malebnych-koutech-zeme\/","headline":"Dovolen\u00e1 sn\u016f v malebn\u00fdch koutech zem\u011b","url":"https:\/\/www.czis.cz\/dovolena-snu-v-malebnych-koutech-zeme\/","datePublished":"2025-03-30","dateModified":"2025-03-30","mainEntityOfPage":"https:\/\/www.czis.cz\/dovolena-snu-v-malebnych-koutech-zeme\/","author":{"@type":"Person","@id":"https:\/\/www.czis.cz\/author\/devene\/#Person","name":"devene","url":"https:\/\/www.czis.cz\/author\/devene\/","identifier":1,"image":{"@type":"ImageObject","@id":"https:\/\/secure.gravatar.com\/avatar\/4c8347e48acde4b8838164e4b1c9b1c2409c44aff1922a8b9d7dd631b9ae52bb?s=96&d=mm&r=g","url":"https:\/\/secure.gravatar.com\/avatar\/4c8347e48acde4b8838164e4b1c9b1c2409c44aff1922a8b9d7dd631b9ae52bb?s=96&d=mm&r=g","height":96,"width":96}},"publisher":{"@type":"Organization","name":"czis.cz","logo":{"@type":"ImageObject","@id":"\/logo.png","url":"\/logo.png","width":600,"height":60}},"image":null,"wordCount":215,"keywords":null},{"@type":"Article","@id":"https:\/\/www.czis.cz\/jaky-darek-vybrat-pro-pani-ucitelku-na-konci-skolniho-roku\/","headline":"Jak\u00fd d\u00e1rek vybrat pro pan\u00ed u\u010ditelku na konci \u0161koln\u00edho roku?","url":"https:\/\/www.czis.cz\/jaky-darek-vybrat-pro-pani-ucitelku-na-konci-skolniho-roku\/","datePublished":"2025-03-29","dateModified":"2025-03-29","mainEntityOfPage":"https:\/\/www.czis.cz\/jaky-darek-vybrat-pro-pani-ucitelku-na-konci-skolniho-roku\/","author":{"@type":"Person","@id":"https:\/\/www.czis.cz\/author\/devene\/#Person","name":"devene","url":"https:\/\/www.czis.cz\/author\/devene\/","identifier":1,"image":{"@type":"ImageObject","@id":"https:\/\/secure.gravatar.com\/avatar\/4c8347e48acde4b8838164e4b1c9b1c2409c44aff1922a8b9d7dd631b9ae52bb?s=96&d=mm&r=g","url":"https:\/\/secure.gravatar.com\/avatar\/4c8347e48acde4b8838164e4b1c9b1c2409c44aff1922a8b9d7dd631b9ae52bb?s=96&d=mm&r=g","height":96,"width":96}},"publisher":{"@type":"Organization","name":"czis.cz","logo":{"@type":"ImageObject","@id":"\/logo.png","url":"\/logo.png","width":600,"height":60}},"image":{"@type":"ImageObject","@id":"https:\/\/www.czis.cz\/wp-content\/uploads\/niklas-ohlrogge-niamoh-de-74QmIJDTD-c-unsplash%20(1).jpg","url":"https:\/\/www.czis.cz\/wp-content\/uploads\/niklas-ohlrogge-niamoh-de-74QmIJDTD-c-unsplash%20(1).jpg","height":0,"width":0},"wordCount":658,"keywords":null},{"@type":"Article","@id":"https:\/\/www.czis.cz\/masiv-vede-na-plne-care\/","headline":"Masiv vede na pln\u00e9 \u010d\u00e1\u0159e","url":"https:\/\/www.czis.cz\/masiv-vede-na-plne-care\/","datePublished":"2025-03-22","dateModified":"2025-03-22","mainEntityOfPage":"https:\/\/www.czis.cz\/masiv-vede-na-plne-care\/","author":{"@type":"Person","@id":"https:\/\/www.czis.cz\/author\/devene\/#Person","name":"devene","url":"https:\/\/www.czis.cz\/author\/devene\/","identifier":1,"image":{"@type":"ImageObject","@id":"https:\/\/secure.gravatar.com\/avatar\/4c8347e48acde4b8838164e4b1c9b1c2409c44aff1922a8b9d7dd631b9ae52bb?s=96&d=mm&r=g","url":"https:\/\/secure.gravatar.com\/avatar\/4c8347e48acde4b8838164e4b1c9b1c2409c44aff1922a8b9d7dd631b9ae52bb?s=96&d=mm&r=g","height":96,"width":96}},"publisher":{"@type":"Organization","name":"czis.cz","logo":{"@type":"ImageObject","@id":"\/logo.png","url":"\/logo.png","width":600,"height":60}},"image":null,"wordCount":295,"keywords":null}]},{"@context":"https:\/\/schema.org","@type":"WebSite","@id":"https:\/\/www.czis.cz\/#website","name":"Czis","url":"https:\/\/www.czis.cz","potentialAction":{"@type":"SearchAction","target":"https:\/\/www.czis.cz\/?s={search_term_string}","query-input":"required name=search_term_string"}}]