{"@context":"https:\/\/schema.org\/","@type":"CollectionPage","@id":"https:\/\/www.czis.cz\/politika\/#CollectionPage","headline":"Politika Category","description":"","url":"https:\/\/www.czis.cz\/politika\/","hasPart":[{"@type":"Article","@id":"https:\/\/www.czis.cz\/nase-politika\/","headline":"Na\u0161e politika","url":"https:\/\/www.czis.cz\/nase-politika\/","datePublished":"2025-02-04","dateModified":"2025-02-04","mainEntityOfPage":"https:\/\/www.czis.cz\/nase-politika\/","author":{"@type":"Person","@id":"https:\/\/www.czis.cz\/author\/devene\/#Person","name":"devene","url":"https:\/\/www.czis.cz\/author\/devene\/","identifier":1,"image":{"@type":"ImageObject","@id":"https:\/\/secure.gravatar.com\/avatar\/4c8347e48acde4b8838164e4b1c9b1c2409c44aff1922a8b9d7dd631b9ae52bb?s=96&d=mm&r=g","url":"https:\/\/secure.gravatar.com\/avatar\/4c8347e48acde4b8838164e4b1c9b1c2409c44aff1922a8b9d7dd631b9ae52bb?s=96&d=mm&r=g","height":96,"width":96}},"publisher":{"@type":"Organization","name":"czis.cz","logo":{"@type":"ImageObject","@id":"\/logo.png","url":"\/logo.png","width":600,"height":60}},"image":{"@type":"ImageObject","@id":"https:\/\/www.czis.cz\/wp-content\/uploads\/right-4703938_640_1.jpg","url":"https:\/\/www.czis.cz\/wp-content\/uploads\/right-4703938_640_1.jpg","height":0,"width":0},"keywords":null},{"@type":"Article","@id":"https:\/\/www.czis.cz\/kandidati-na-prezidenta-a-je-vubec-na-vyber\/","headline":"Kandid\u00e1ti na prezidenta a je v\u016fbec na v\u00fdb\u011br?","url":"https:\/\/www.czis.cz\/kandidati-na-prezidenta-a-je-vubec-na-vyber\/","datePublished":"2021-12-06","dateModified":"2023-05-15","mainEntityOfPage":"https:\/\/www.czis.cz\/kandidati-na-prezidenta-a-je-vubec-na-vyber\/","author":{"@type":"Person","@id":"https:\/\/www.czis.cz\/author\/devene\/#Person","name":"devene","url":"https:\/\/www.czis.cz\/author\/devene\/","identifier":1,"image":{"@type":"ImageObject","@id":"https:\/\/secure.gravatar.com\/avatar\/4c8347e48acde4b8838164e4b1c9b1c2409c44aff1922a8b9d7dd631b9ae52bb?s=96&d=mm&r=g","url":"https:\/\/secure.gravatar.com\/avatar\/4c8347e48acde4b8838164e4b1c9b1c2409c44aff1922a8b9d7dd631b9ae52bb?s=96&d=mm&r=g","height":96,"width":96}},"publisher":{"@type":"Organization","name":"czis.cz","logo":{"@type":"ImageObject","@id":"\/logo.png","url":"\/logo.png","width":600,"height":60}},"image":{"@type":"ImageObject","@id":"https:\/\/www.czis.cz\/wp-content\/uploads\/pexels-cottonbro-4669141.jpg","url":"https:\/\/www.czis.cz\/wp-content\/uploads\/pexels-cottonbro-4669141.jpg","height":0,"width":0},"keywords":null},{"@type":"Article","@id":"https:\/\/www.czis.cz\/moc-politiku\/","headline":"Moc politik\u016f","url":"https:\/\/www.czis.cz\/moc-politiku\/","datePublished":"2021-11-07","dateModified":"2023-05-15","mainEntityOfPage":"https:\/\/www.czis.cz\/moc-politiku\/","author":{"@type":"Person","@id":"https:\/\/www.czis.cz\/author\/devene\/#Person","name":"devene","url":"https:\/\/www.czis.cz\/author\/devene\/","identifier":1,"image":{"@type":"ImageObject","@id":"https:\/\/secure.gravatar.com\/avatar\/4c8347e48acde4b8838164e4b1c9b1c2409c44aff1922a8b9d7dd631b9ae52bb?s=96&d=mm&r=g","url":"https:\/\/secure.gravatar.com\/avatar\/4c8347e48acde4b8838164e4b1c9b1c2409c44aff1922a8b9d7dd631b9ae52bb?s=96&d=mm&r=g","height":96,"width":96}},"publisher":{"@type":"Organization","name":"czis.cz","logo":{"@type":"ImageObject","@id":"\/logo.png","url":"\/logo.png","width":600,"height":60}},"image":{"@type":"ImageObject","@id":"https:\/\/www.czis.cz\/wp-content\/uploads\/m%C3%ADrov%C3%A1%20kresba.jpg","url":"https:\/\/www.czis.cz\/wp-content\/uploads\/m%C3%ADrov%C3%A1%20kresba.jpg","height":0,"width":0},"keywords":null},{"@type":"Article","@id":"https:\/\/www.czis.cz\/kasmir-jablko-svaru\/","headline":"Ka\u0161m\u00edr \u2013 jablko sv\u00e1ru","url":"https:\/\/www.czis.cz\/kasmir-jablko-svaru\/","datePublished":"2019-11-10","dateModified":"2023-05-15","mainEntityOfPage":"https:\/\/www.czis.cz\/kasmir-jablko-svaru\/","author":{"@type":"Person","@id":"https:\/\/www.czis.cz\/author\/devene\/#Person","name":"devene","url":"https:\/\/www.czis.cz\/author\/devene\/","identifier":1,"image":{"@type":"ImageObject","@id":"https:\/\/secure.gravatar.com\/avatar\/4c8347e48acde4b8838164e4b1c9b1c2409c44aff1922a8b9d7dd631b9ae52bb?s=96&d=mm&r=g","url":"https:\/\/secure.gravatar.com\/avatar\/4c8347e48acde4b8838164e4b1c9b1c2409c44aff1922a8b9d7dd631b9ae52bb?s=96&d=mm&r=g","height":96,"width":96}},"publisher":{"@type":"Organization","name":"czis.cz","logo":{"@type":"ImageObject","@id":"\/logo.png","url":"\/logo.png","width":600,"height":60}},"image":{"@type":"ImageObject","@id":"https:\/\/www.czis.cz\/wp-content\/uploads\/img_a362058_w4341_t1575054204.jpg","url":"https:\/\/www.czis.cz\/wp-content\/uploads\/img_a362058_w4341_t1575054204.jpg","height":0,"width":0},"keywords":null}]}